{"id":4894,"date":"2021-03-08T09:12:25","date_gmt":"2021-03-08T09:12:25","guid":{"rendered":"https:\/\/misteriodeobanos.org\/bienvenida\/"},"modified":"2025-05-15T09:36:17","modified_gmt":"2025-05-15T09:36:17","slug":"bienvenue","status":"publish","type":"post","link":"https:\/\/misteriodeobanos.org\/fr\/bienvenue\/","title":{"rendered":"BIENVENUE"},"content":{"rendered":"<div class=\"wpb-content-wrapper\"><p>[vc_row][vc_column width=\u00a0\u00bb1\/2&Prime;][vc_single_image image=\u00a0\u00bb1797&Prime; img_size=\u00a0\u00bbfull\u00a0\u00bb css=\u00a0\u00bb\u00a0\u00bb][\/vc_column][vc_column width=\u00a0\u00bb1\/2&Prime;]<div class=\"tm-element-heading-wrapper tm-heading-inner tm-element-align-left tm-seperator-none tm-heading-style-vertical \"><section class=\"tm-vc_cta3-container\"><div class=\"tm-vc_general tm-vc_cta3 tm-cta3-only tm-vc_cta3-style-classic tm-vc_cta3-shape-rounded tm-vc_cta3-align-left tm-vc_cta3-color-transparent tm-vc_cta3-icon-size-md tm-vc_cta3-actions-no tm-cta3-with-desc\"><div class=\"tm-vc_cta3_content-container\"><div class=\"tm-vc_cta3-content\"><header class=\"tm-vc_cta3-content-header tm-wrap\"><div class=\"tm-vc_cta3-headers tm-wrap-cell\"><h4 class=\"tm-custom-heading \" >SALUTATIONS<\/h4>\n<h2 class=\"tm-custom-heading \" >Chers <b>Amis<\/b><\/h2>\n<\/div><div class=\"heading-seperator\"><span><\/span><\/div><\/header><div class=\"tm-cta3-content-wrapper\"><p>C&rsquo;est un honneur de travailler pour Obanos en tant que pr\u00e9sident de la Fondation Misterio de Obanos.<\/p>\n<p>Nous avons de nombreux projets passionnants que nous esp\u00e9rons mettre en place petit \u00e0 petit et rendre la vie culturelle et touristique d&rsquo;Obanos et de la Vall\u00e9e encore plus dynamique.<\/p>\n<p>Cette ann\u00e9e, 2021, est l&rsquo;ann\u00e9e jacobine. Une ann\u00e9e jubilaire qui, en raison de l&rsquo;affectation mondialis\u00e9e que nous subissons \u00e0 cause de la pand\u00e9mie caus\u00e9e par le coronavirus, sera prolong\u00e9e jusqu&rsquo;en 2022. Esp\u00e9rons que d&rsquo;ici l\u00e0, il sera possible de voyager normalement sur les routes de Santiago.<\/p>\n<p>Ultreia et suseia deus adyudanos<\/p>\n<p>D&rsquo;Obanos, carrefour de routes<\/p>\n<p>Salutations<\/p><\/div><\/div><\/div><\/div><\/section><\/div> <!-- .tm-element-heading-wrapper container --> [vc_row_inner][vc_column_inner][vc_column_text css=\u00a0\u00bb\u00a0\u00bb]<\/p>\n<blockquote><p>J&rsquo;esp\u00e8re que cette page vous permettra de faire connaissance avec Obanos et d&rsquo;en apprendre un peu plus sur le myst\u00e8re d&rsquo;Obanos et de notre ville.<\/p><\/blockquote>\n<p>[\/vc_column_text][\/vc_column_inner][\/vc_row_inner][vc_row_inner][vc_column_inner width=\u00a0\u00bb1\/4&Prime;][\/vc_column_inner][vc_column_inner width=\u00a0\u00bb3\/4&Prime;]<h2 style=\"text-align:left;font-size:20px;line-height:26px;\" class=\"tm-custom-heading \" >Juan Manuel Rubio Guembe<\/h2>\n<p style=\"text-align:left;font-size:14px;line-height:26px;\" class=\"tm-custom-heading \" >(Pr\u00e9sident de la Fondation Misterio de Obanos)<\/p>\n[\/vc_column_inner][\/vc_row_inner][vc_empty_space][vc_empty_space][\/vc_column][\/vc_row]<\/p>\n<\/div>","protected":false},"excerpt":{"rendered":"<p>D\u00edas 14 y 15 de Mayo, de 9 11,<br \/>\ngrupo de 7 a 11 a\u00f1os  de 11 a 13<br \/>\ngrupo de 12 a 17 a\u00f1os, <\/p>\n","protected":false},"author":1,"featured_media":4912,"comment_status":"closed","ping_status":"closed","sticky":false,"template":"","format":"standard","meta":{"_monsterinsights_skip_tracking":false,"_monsterinsights_sitenote_active":false,"_monsterinsights_sitenote_note":"","_monsterinsights_sitenote_category":0,"footnotes":""},"categories":[68,59],"tags":[],"class_list":["post-4894","post","type-post","status-publish","format-standard","has-post-thumbnail","hentry","category-nouvelles","category-publications-fr"],"_links":{"self":[{"href":"https:\/\/misteriodeobanos.org\/fr\/wp-json\/wp\/v2\/posts\/4894","targetHints":{"allow":["GET"]}}],"collection":[{"href":"https:\/\/misteriodeobanos.org\/fr\/wp-json\/wp\/v2\/posts"}],"about":[{"href":"https:\/\/misteriodeobanos.org\/fr\/wp-json\/wp\/v2\/types\/post"}],"author":[{"embeddable":true,"href":"https:\/\/misteriodeobanos.org\/fr\/wp-json\/wp\/v2\/users\/1"}],"replies":[{"embeddable":true,"href":"https:\/\/misteriodeobanos.org\/fr\/wp-json\/wp\/v2\/comments?post=4894"}],"version-history":[{"count":3,"href":"https:\/\/misteriodeobanos.org\/fr\/wp-json\/wp\/v2\/posts\/4894\/revisions"}],"predecessor-version":[{"id":4917,"href":"https:\/\/misteriodeobanos.org\/fr\/wp-json\/wp\/v2\/posts\/4894\/revisions\/4917"}],"wp:featuredmedia":[{"embeddable":true,"href":"https:\/\/misteriodeobanos.org\/fr\/wp-json\/wp\/v2\/media\/4912"}],"wp:attachment":[{"href":"https:\/\/misteriodeobanos.org\/fr\/wp-json\/wp\/v2\/media?parent=4894"}],"wp:term":[{"taxonomy":"category","embeddable":true,"href":"https:\/\/misteriodeobanos.org\/fr\/wp-json\/wp\/v2\/categories?post=4894"},{"taxonomy":"post_tag","embeddable":true,"href":"https:\/\/misteriodeobanos.org\/fr\/wp-json\/wp\/v2\/tags?post=4894"}],"curies":[{"name":"wp","href":"https:\/\/api.w.org\/{rel}","templated":true}]}}