{"id":3924,"date":"2023-04-17T15:23:48","date_gmt":"2023-04-17T15:23:48","guid":{"rendered":"https:\/\/misteriodeobanos.org\/el-coro-de-camara-salix-cantor-primer-premio-en-el-concurso-coral-nacional-de-musica-medieval-y-renacentista-arnotegui\/"},"modified":"2023-04-18T08:14:20","modified_gmt":"2023-04-18T08:14:20","slug":"le-choeur-de-chambre-salix-cantor-premier-prix-du-concours-national-de-chant-choral-arnotegui-de-musique-medievale-et-de-la-renaissance","status":"publish","type":"post","link":"https:\/\/misteriodeobanos.org\/fr\/le-choeur-de-chambre-salix-cantor-premier-prix-du-concours-national-de-chant-choral-arnotegui-de-musique-medievale-et-de-la-renaissance\/","title":{"rendered":"Le ch\u0153ur de chambre Salix Cantor, premier prix du concours national de chant choral Arnotegui de musique m\u00e9di\u00e9vale et de la Renaissance."},"content":{"rendered":"<div class=\"wpb-content-wrapper\"><p>[vc_section][vc_row][vc_column]<div class=\"tm-element-heading-wrapper tm-heading-inner tm-element-align-left tm-seperator-none tm-heading-style-vertical \"><section class=\"tm-vc_cta3-container\"><div class=\"tm-vc_general tm-vc_cta3 tm-cta3-only tm-vc_cta3-style-classic tm-vc_cta3-shape-rounded tm-vc_cta3-align-left tm-vc_cta3-color-transparent tm-vc_cta3-icon-size-md tm-vc_cta3-actions-no tm-cta3-without-desc\"><div class=\"tm-vc_cta3_content-container\"><div class=\"tm-vc_cta3-content\"><header class=\"tm-vc_cta3-content-header tm-wrap\"><div class=\"tm-vc_cta3-headers tm-wrap-cell\"><h2 class=\"tm-custom-heading \" >Le ch\u0153ur de chambre Salix Cantor, premier prix du concours national de chant choral Arnotegui de musique m\u00e9di\u00e9vale et de la Renaissance.<\/h2>\n<\/div><div class=\"heading-seperator\"><span><\/span><\/div><\/header><\/div><\/div><\/div><\/section><\/div> <!-- .tm-element-heading-wrapper container --> [\/vc_column][\/vc_row][vc_row][vc_column][vc_column_text]La quatri\u00e8me \u00e9dition du concours de chant choral a \u00e9t\u00e9 un grand succ\u00e8s en termes de participation et le niveau musical des trois chorales participantes \u00e9tait tr\u00e8s \u00e9lev\u00e9. Le public a choisi la prestation d&rsquo;Alboka Abesbatza, de Lasarte-Oria, comme sa pr\u00e9f\u00e9r\u00e9e.<\/p>\n<p>Les trois groupes participants ont \u00e9t\u00e9 r\u00e9compens\u00e9s. Si le ch\u0153ur madril\u00e8ne Salix Cantor a re\u00e7u le premier prix du jury, le ch\u0153ur La Asunci\u00f3n de Pampelune a re\u00e7u le prix du public et son directeur a \u00e9t\u00e9 le mieux not\u00e9 par le jury. Mais, comme l&rsquo;ont soulign\u00e9 les responsables de la direction de l&rsquo;\u00e9v\u00e9nement musical, le principal gagnant a \u00e9t\u00e9 le public de la quatri\u00e8me \u00e9dition du concours Arnotegui, qui a pu profiter d&rsquo;un spectacle musical de premier ordre dans la ville d&rsquo;Obanos.<\/p>\n<p>L&rsquo;\u00e9v\u00e9nement, organis\u00e9 par la Fondation Misterio de Obanos, a pour objectif de devenir \u00a0\u00bb une r\u00e9f\u00e9rence en mati\u00e8re de musique chorale polyphonique en Navarre et sur le Chemin de Saint-Jacques-de-Compostelle \u00ab\u00a0, a d\u00e9clar\u00e9 Javier del Cura, directeur du Misterio, qui, avant de c\u00e9der la parole aux chorales participantes, a retrac\u00e9 l&rsquo;histoire de ce concours. M. del Cura a indiqu\u00e9 que l&rsquo;entit\u00e9 a pour objectif de c\u00e9l\u00e9brer, en 2024, une semaine culturelle autour du Myst\u00e8re des Obanos, au cours de laquelle se d\u00e9rouleront d&rsquo;autres \u00e9v\u00e9nements li\u00e9s \u00e0 cette tradition obanaise.<\/p>\n<p>L&rsquo;\u00e9v\u00e9nement de samedi a vu la participation du t\u00e9nor Eduardo Zubicoa et de la soprano Raquel Fern\u00e1ndez, accompagn\u00e9s au piano par Daniel Guti\u00e9rrez. Quant au jury charg\u00e9 de distribuer les prix (respectivement de 1 200, 700 et 400 euros) aux groupes participants, il \u00e9tait compos\u00e9 des c\u00e9l\u00e8bres compositeurs Teresa Catal\u00e1n S\u00e1nchez et Tom\u00e1s Marco, ainsi que du nouveau directeur de la Semana de la M\u00fasica Religiosa de Cuenca, Andoni Sierra. Ils ont \u00e9galement d\u00e9cid\u00e9 du prix du meilleur chef d&rsquo;orchestre, qui a \u00e9t\u00e9 d\u00e9cern\u00e9 \u00e0 la chef du ch\u0153ur La Asunci\u00f3n de Pamplona, Beatriz Aguirre. Ce prix est l&rsquo;une des nouveaut\u00e9s introduites lors de la quatri\u00e8me \u00e9dition du concours et, comme l&rsquo;a annonc\u00e9 le directeur du Ch\u0153ur de chambre de Pampelune, David G\u00e1lvez, lors de la pr\u00e9sentation, il vise \u00e0 valoriser le travail du chef de ch\u0153ur dans la reproduction fid\u00e8le de l&rsquo;esprit de la musique m\u00e9di\u00e9vale.<\/p>\n<p>Les trois ch\u0153urs participants ont interpr\u00e9t\u00e9 leur propre r\u00e9pertoire choisi dans le livre de chants du XIVe au XVIe si\u00e8cle, ainsi qu&rsquo;une pi\u00e8ce impos\u00e9e, Stella Splendens, tir\u00e9e du \u00ab\u00a0Libre Vermell de Montserrat\u00a0\u00bb du XIVe si\u00e8cle, une composition interpr\u00e9t\u00e9e \u00e0 l&rsquo;unisson par les trois ch\u0153urs en guise de touche finale au concours.[\/vc_column_text][\/vc_column][\/vc_row][vc_row][vc_column][vc_single_image image=\u00a0\u00bb3886&Prime; img_size=\u00a0\u00bblarge\u00a0\u00bb][vc_column_text css=\u00a0\u00bb.vc_custom_1681752820211{margin-top: -20px !important;padding-top: -20px !important;}\u00a0\u00bb]Premier prix du jury d\u00e9cern\u00e9 \u00e0 la chorale madril\u00e8ne Salix Cantor.[\/vc_column_text][\/vc_column][\/vc_row][vc_row][vc_column][vc_single_image image=\u00a0\u00bb3911&Prime; img_size=\u00a0\u00bblarge\u00a0\u00bb][vc_column_text css=\u00a0\u00bb.vc_custom_1681752840102{margin-top: -20px !important;padding-top: -20px !important;}\u00a0\u00bb]Deuxi\u00e8me prix pour la chorale de Lasarte-Oria Alboka Abesbatza[\/vc_column_text][\/vc_column][\/vc_row][vc_row][vc_column][vc_single_image image=\u00a0\u00bb3916&Prime; img_size=\u00a0\u00bblarge\u00a0\u00bb][vc_column_text css=\u00a0\u00bb.vc_custom_1681752861686{margin-top: -20px !important;padding-top: -20px !important;}\u00a0\u00bb]Le troisi\u00e8me prix a \u00e9t\u00e9 d\u00e9cern\u00e9 \u00e0 la chorale La Asunci\u00f3n de Pamplona,[\/vc_column_text][\/vc_column][\/vc_row][vc_row][vc_column][vc_single_image image=\u00a0\u00bb3877&Prime; img_size=\u00a0\u00bblarge\u00a0\u00bb][vc_column_text css=\u00a0\u00bb.vc_custom_1681805625959{margin-top: -20px !important;padding-top: -20px !important;}\u00a0\u00bb]Prix du public d\u00e9cern\u00e9 \u00e0 la chorale La Asunci\u00f3n de Pamplona[\/vc_column_text][\/vc_column][\/vc_row][vc_row][vc_column][vc_single_image image=\u00a0\u00bb3871&Prime; img_size=\u00a0\u00bblarge\u00a0\u00bb][vc_column_text css=\u00a0\u00bb.vc_custom_1681805658871{margin-top: -20px !important;padding-top: -20px !important;}\u00a0\u00bb]Prix du jury d\u00e9cern\u00e9 \u00e0 la chef de la chorale La Asunci\u00f3n de Pampelune, Beatriz Aguirre.[\/vc_column_text][\/vc_column][\/vc_row][vc_row][vc_column][vc_single_image image=\u00a0\u00bb3903&Prime; img_size=\u00a0\u00bblarge\u00a0\u00bb][vc_single_image image=\u00a0\u00bb3907&Prime; img_size=\u00a0\u00bblarge\u00a0\u00bb][vc_column_text css=\u00a0\u00bb.vc_custom_1681752912381{margin-top: -20px !important;padding-top: -20px !important;}\u00a0\u00bb]Repr\u00e9sentation de la chorale Salix Cantor[\/vc_column_text][\/vc_column][\/vc_row][vc_row][vc_column][vc_single_image image=\u00a0\u00bb3798&Prime; img_size=\u00a0\u00bblarge\u00a0\u00bb][vc_single_image image=\u00a0\u00bb3811&Prime; img_size=\u00a0\u00bblarge\u00a0\u00bb][vc_column_text css=\u00a0\u00bb.vc_custom_1681752940051{margin-top: -20px !important;padding-top: -20px !important;}\u00a0\u00bb]Performance d&rsquo;Alboka Abesbatza, de Lasarte-Oria.[\/vc_column_text][\/vc_column][\/vc_row][vc_row][vc_column][vc_single_image image=\u00a0\u00bb3862&Prime; img_size=\u00a0\u00bblarge\u00a0\u00bb][vc_column_text css=\u00a0\u00bb.vc_custom_1681752955724{margin-top: -20px !important;padding-top: -20px !important;}\u00a0\u00bb]Repr\u00e9sentation de la chorale La Asunci\u00f3n de Pampelune.[\/vc_column_text][\/vc_column][\/vc_row][vc_row][vc_column][vc_single_image image=\u00a0\u00bb3816&Prime; img_size=\u00a0\u00bblarge\u00a0\u00bb add_caption=\u00a0\u00bbyes\u00a0\u00bb][vc_column_text css=\u00a0\u00bb.vc_custom_1681752969089{margin-top: -20px !important;padding-top: -20px !important;}\u00a0\u00bb]Photo de tous les participants ensemble.[\/vc_column_text][\/vc_column][\/vc_row][vc_row][vc_column][vc_single_image image=\u00a0\u00bb3832&Prime; img_size=\u00a0\u00bblarge\u00a0\u00bb][vc_column_text css=\u00a0\u00bb.vc_custom_1681752985078{margin-top: -20px !important;padding-top: -20px !important;}\u00a0\u00bb]Quant au jury charg\u00e9 de distribuer les prix (respectivement de 1 200, 700 et 400 euros) aux groupes participants, il \u00e9tait compos\u00e9 des c\u00e9l\u00e8bres compositeurs Teresa Catal\u00e1n S\u00e1nchez et Tom\u00e1s Marco, ainsi que du nouveau directeur de la Semana de la M\u00fasica Religiosa de Cuenca, Andoni Sierra.[\/vc_column_text][vc_single_image image=\u00a0\u00bb3841&Prime; img_size=\u00a0\u00bblarge\u00a0\u00bb][vc_column_text css=\u00a0\u00bb.vc_custom_1681747174779{margin-top: -20px !important;padding-top: -20px !important;}\u00a0\u00bb]Andoni Sierra[\/vc_column_text][vc_single_image image=\u00a0\u00bb3847&Prime; img_size=\u00a0\u00bblarge\u00a0\u00bb][vc_column_text css=\u00a0\u00bb.vc_custom_1681747683835{margin-top: -20px !important;padding-top: -20px !important;}\u00a0\u00bb]David G\u00e1lvez[\/vc_column_text][vc_single_image image=\u00a0\u00bb3853&Prime; img_size=\u00a0\u00bblarge\u00a0\u00bb][vc_column_text css=\u00a0\u00bb.vc_custom_1681747797700{margin-top: -20px !important;padding-top: -20px !important;}\u00a0\u00bb]Teresa Catal\u00e1n S\u00e1nchez[\/vc_column_text][vc_single_image image=\u00a0\u00bb3857&Prime; img_size=\u00a0\u00bblarge\u00a0\u00bb][vc_column_text css=\u00a0\u00bb.vc_custom_1681747903578{margin-top: -20px !important;padding-top: -20px !important;}\u00a0\u00bb]Tom\u00e1s Marco[\/vc_column_text][\/vc_column][\/vc_row][vc_row][vc_column][vc_single_image image=\u00a0\u00bb3866&Prime; img_size=\u00a0\u00bblarge\u00a0\u00bb][vc_column_text css=\u00a0\u00bb.vc_custom_1681753002689{margin-top: -20px !important;padding-top: -20px !important;}\u00a0\u00bb]Le t\u00e9nor Eduardo Zubicoa et la soprano Raquel Fern\u00e1ndez, accompagn\u00e9s au piano par Daniel Guti\u00e9rrez.[\/vc_column_text][\/vc_column][\/vc_row][vc_row][vc_column][vc_single_image image=\u00a0\u00bb3882&Prime; img_size=\u00a0\u00bblarge\u00a0\u00bb][vc_column_text]Pr\u00e9sentateurs d&rsquo;\u00e9v\u00e9nements[\/vc_column_text][\/vc_column][\/vc_row][\/vc_section][vc_row][vc_column][vc_single_image image=\u00a0\u00bb3891&Prime; img_size=\u00a0\u00bblarge\u00a0\u00bb][vc_single_image image=\u00a0\u00bb3895&Prime; img_size=\u00a0\u00bblarge\u00a0\u00bb][vc_single_image image=\u00a0\u00bb3899&Prime; img_size=\u00a0\u00bblarge\u00a0\u00bb][vc_column_text css=\u00a0\u00bb.vc_custom_1681753032333{margin-top: -20px !important;padding-top: -20px !important;}\u00a0\u00bb]Atmosph\u00e8re de l&rsquo;\u00e9v\u00e9nement[\/vc_column_text][\/vc_column][\/vc_row][vc_row][vc_column][vc_single_image image=\u00a0\u00bb3826&Prime; img_size=\u00a0\u00bblarge\u00a0\u00bb][\/vc_column][\/vc_row]<\/p>\n<\/div>","protected":false},"excerpt":{"rendered":"<p>Le ch\u0153ur de chambre Salix Cantor, premier prix du concours national de chant choral Arnotegui de musique m\u00e9di\u00e9vale et de la Renaissance.<\/p>\n","protected":false},"author":1,"featured_media":3819,"comment_status":"closed","ping_status":"closed","sticky":false,"template":"","format":"standard","meta":{"_monsterinsights_skip_tracking":false,"_monsterinsights_sitenote_active":false,"_monsterinsights_sitenote_note":"","_monsterinsights_sitenote_category":0,"footnotes":""},"categories":[62,68],"tags":[],"class_list":["post-3924","post","type-post","status-publish","format-standard","has-post-thumbnail","hentry","category-concours","category-nouvelles"],"_links":{"self":[{"href":"https:\/\/misteriodeobanos.org\/fr\/wp-json\/wp\/v2\/posts\/3924","targetHints":{"allow":["GET"]}}],"collection":[{"href":"https:\/\/misteriodeobanos.org\/fr\/wp-json\/wp\/v2\/posts"}],"about":[{"href":"https:\/\/misteriodeobanos.org\/fr\/wp-json\/wp\/v2\/types\/post"}],"author":[{"embeddable":true,"href":"https:\/\/misteriodeobanos.org\/fr\/wp-json\/wp\/v2\/users\/1"}],"replies":[{"embeddable":true,"href":"https:\/\/misteriodeobanos.org\/fr\/wp-json\/wp\/v2\/comments?post=3924"}],"version-history":[{"count":4,"href":"https:\/\/misteriodeobanos.org\/fr\/wp-json\/wp\/v2\/posts\/3924\/revisions"}],"predecessor-version":[{"id":3942,"href":"https:\/\/misteriodeobanos.org\/fr\/wp-json\/wp\/v2\/posts\/3924\/revisions\/3942"}],"wp:featuredmedia":[{"embeddable":true,"href":"https:\/\/misteriodeobanos.org\/fr\/wp-json\/wp\/v2\/media\/3819"}],"wp:attachment":[{"href":"https:\/\/misteriodeobanos.org\/fr\/wp-json\/wp\/v2\/media?parent=3924"}],"wp:term":[{"taxonomy":"category","embeddable":true,"href":"https:\/\/misteriodeobanos.org\/fr\/wp-json\/wp\/v2\/categories?post=3924"},{"taxonomy":"post_tag","embeddable":true,"href":"https:\/\/misteriodeobanos.org\/fr\/wp-json\/wp\/v2\/tags?post=3924"}],"curies":[{"name":"wp","href":"https:\/\/api.w.org\/{rel}","templated":true}]}}