{"id":3643,"date":"2023-01-31T17:45:19","date_gmt":"2023-01-31T17:45:19","guid":{"rendered":"https:\/\/misteriodeobanos.org\/finalistas-iv-concurso-coral-de-musica-medieval-y-renacentista-arnotegui\/"},"modified":"2023-01-31T18:17:53","modified_gmt":"2023-01-31T18:17:53","slug":"finalistes-du-4e-concours-de-musique-chorale-medievale-et-de-la-ren-renaissance-arnotegui","status":"publish","type":"post","link":"https:\/\/misteriodeobanos.org\/fr\/finalistes-du-4e-concours-de-musique-chorale-medievale-et-de-la-ren-renaissance-arnotegui\/","title":{"rendered":"FINALISTES DU 4E CONCOURS DE MUSIQUE CHORALE M\u00c9DI\u00c9VALE ET DE LA REN RENAISSANCE \u00ab\u00a0ARNOTEGUI\u00a0\u00bb"},"content":{"rendered":"<div class=\"wpb-content-wrapper\"><p>[vc_row][vc_column][vc_column_text]Nous avons d\u00e9j\u00e0 les ch\u0153urs finalistes pour le concours de musique chorale m\u00e9di\u00e9vale et renaissance \u00ab\u00a0Arnotegui\u00a0\u00bb :[\/vc_column_text][\/vc_column][\/vc_row][vc_row][vc_column][vc_single_image image=\u00a0\u00bb3620&Prime; img_size=\u00a0\u00bblarge\u00a0\u00bb][vc_column_text]<\/p>\n<div id=\"comp-kwwjpq7y\" class=\"BaOVQ8 tz5f0K comp-kwwjpq7y wixui-text\" data-testid=\"richTextElement\">\n<h2 class=\"font_2\">Salix Cantor<\/h2>\n<\/div>\n<div id=\"comp-kt72gfe9\" class=\"BaOVQ8 tz5f0K comp-kt72gfe9 wixui-text\" data-testid=\"richTextElement\">\n<p>Salix Cantor est un groupe vocal compos\u00e9 de membres ayant une longue exp\u00e9rience de la musique vocale qui, sous la direction de Francisco Ruiz, a \u00e9t\u00e9 fond\u00e9 en 2012 avec l&rsquo;intention d&rsquo;aborder un r\u00e9pertoire vocal ancien, de la Renaissance et de l&rsquo;\u00e9poque baroque, tout en cherchant des co\u00efncidences et des points d&rsquo;union avec la musique d&rsquo;autres p\u00e9riodes, notamment avec le r\u00e9pertoire polyphonique des cent derni\u00e8res ann\u00e9es.<\/p>\n<p>&nbsp;<\/p>\n<p>Salix Cantor aborde un large r\u00e9pertoire, tant ancien que contemporain, avec des pi\u00e8ces de compositeurs vari\u00e9s. La philosophie du groupe dans l&rsquo;\u00e9laboration de ses programmes est bas\u00e9e sur la diffusion d&rsquo;\u0153uvres peu fr\u00e9quentes dans les r\u00e9pertoires choraux habituels, ainsi que sur la recherche et la r\u00e9cup\u00e9ration de pi\u00e8ces oubli\u00e9es de notre patrimoine musical.<\/p>\n<\/div>\n<p>[\/vc_column_text][\/vc_column][\/vc_row][vc_row][vc_column][vc_single_image image=\u00a0\u00bb3628&Prime; img_size=\u00a0\u00bblarge\u00a0\u00bb][vc_column_text]<\/p>\n<div id=\"comp-kwwjpq7y\" class=\"BaOVQ8 tz5f0K comp-kwwjpq7y wixui-text\" data-testid=\"richTextElement\">\n<h2 class=\"font_2\">CORO LA ASUNCI\u00d3N<\/h2>\n<\/div>\n<div id=\"comp-kt72gfe9\" class=\"BaOVQ8 tz5f0K comp-kt72gfe9 wixui-text\" data-testid=\"richTextElement\">\n<p>PAMPLONA\/IRU\u00d1A<\/p>\n<p>Histoire<\/p>\n<p>Avec le d\u00e9sir de solenniser certaines festivit\u00e9s sp\u00e9ciales (No\u00ebl, P\u00e2ques etc&#8230;), un petit groupe d&rsquo;entre nous a commenc\u00e9 \u00e0 chanter, il y a environ 25 ans, sous la direction de Francisco Villanueva. Nous avons tout fait \u00e0 l&rsquo;ombre de notre ch\u00e8re \u00e9glise paroissiale de l&rsquo;Assomption. Ce groupe a grandi en nombre et en \u00ab\u00a0sagesse musicale\u00a0\u00bb. \u00c0 l&rsquo;occasion, elle a particip\u00e9 \u00e0 des c\u00e9l\u00e9brations sp\u00e9ciales, des f\u00eates de village, des f\u00eates de charit\u00e9, etc. Lorsqu&rsquo;elle a atteint sa majorit\u00e9, elle a commenc\u00e9 \u00e0 participer \u00e0 des concours s\u00e9rieux, tels que Tolosa, Ejea de los Caballeros (Premier Prix en 1992 et 2001), Autol-Rioja avec le Premier Prix en 1991, Torrevieja (Premier Prix en Polyphonie (1992) ; elle a \u00e9galement particip\u00e9 \u00e0 Portugalete \u00e0 la Canci\u00f3n Juvenil Marinera, obtenant le Premier Prix. Nous avons particip\u00e9 \u00e0 la semaine catalane, et en dehors du pays, en France.<\/p>\n<p>Et en 2010 dans la cath\u00e9drale de Luxembourg et en 2012 dans la cath\u00e9drale de Cologne en Allemagne.\u00a0Francisco Villanueva, directeur. Beatriz Aguirre dirige cette chorale depuis 2014.<\/p>\n<\/div>\n<p>[\/vc_column_text][\/vc_column][\/vc_row][vc_row][vc_column][vc_single_image image=\u00a0\u00bb3632&Prime; img_size=\u00a0\u00bblarge\u00a0\u00bb][vc_column_text]<\/p>\n<div id=\"comp-kwwjpq7y\" class=\"BaOVQ8 tz5f0K comp-kwwjpq7y wixui-text\" data-testid=\"richTextElement\">\n<h2 class=\"font_2\">ALBOKA ABESBATZA<\/h2>\n<\/div>\n<div id=\"comp-kt72gfe9\" class=\"BaOVQ8 tz5f0K comp-kt72gfe9 wixui-text\" data-testid=\"richTextElement\">\n<header class=\"entry-header\">\n<div class=\"entry-meta\"><\/div>\n<\/header>\n<div class=\"entry-content\">\n<p>Alboka Abesbatza est un ch\u0153ur amateur qui travaille avec un grand esprit de d\u00e9passement de soi et cultive non seulement la musique sacr\u00e9e et traditionnelle basque, mais interpr\u00e8te \u00e9galement, avec enthousiasme, des chants d&rsquo;autres r\u00e9gions et cultures, toujours dans la dynamique d&rsquo;entreprendre des \u0153uvres toujours plus audacieuses dans leur conception et leur difficult\u00e9.<\/p>\n<p>En outre, Alboka Abesbatza promeut la culture locale en se produisant avec d&rsquo;autres groupes culturels locaux et internationaux, diffusant ainsi la culture basque dans d&rsquo;autres r\u00e9gions et pays gr\u00e2ce aux \u00e9changes de ch\u0153urs qu&rsquo;elle organise.<\/p>\n<\/div>\n<\/div>\n<p>[\/vc_column_text][\/vc_column][\/vc_row]<\/p>\n<\/div>","protected":false},"excerpt":{"rendered":"<p>Nous avons d\u00e9j\u00e0 les ch\u0153urs finalistes pour le concours de musique chorale m\u00e9di\u00e9vale et renaissance \u00ab\u00a0Arnotegui\u00a0\u00bb <\/p>\n","protected":false},"author":1,"featured_media":3639,"comment_status":"closed","ping_status":"closed","sticky":false,"template":"","format":"standard","meta":{"_monsterinsights_skip_tracking":false,"_monsterinsights_sitenote_active":false,"_monsterinsights_sitenote_note":"","_monsterinsights_sitenote_category":0,"footnotes":""},"categories":[62,65],"tags":[],"class_list":["post-3643","post","type-post","status-publish","format-standard","has-post-thumbnail","hentry","category-concours","category-evenements"],"_links":{"self":[{"href":"https:\/\/misteriodeobanos.org\/fr\/wp-json\/wp\/v2\/posts\/3643","targetHints":{"allow":["GET"]}}],"collection":[{"href":"https:\/\/misteriodeobanos.org\/fr\/wp-json\/wp\/v2\/posts"}],"about":[{"href":"https:\/\/misteriodeobanos.org\/fr\/wp-json\/wp\/v2\/types\/post"}],"author":[{"embeddable":true,"href":"https:\/\/misteriodeobanos.org\/fr\/wp-json\/wp\/v2\/users\/1"}],"replies":[{"embeddable":true,"href":"https:\/\/misteriodeobanos.org\/fr\/wp-json\/wp\/v2\/comments?post=3643"}],"version-history":[{"count":2,"href":"https:\/\/misteriodeobanos.org\/fr\/wp-json\/wp\/v2\/posts\/3643\/revisions"}],"predecessor-version":[{"id":3649,"href":"https:\/\/misteriodeobanos.org\/fr\/wp-json\/wp\/v2\/posts\/3643\/revisions\/3649"}],"wp:featuredmedia":[{"embeddable":true,"href":"https:\/\/misteriodeobanos.org\/fr\/wp-json\/wp\/v2\/media\/3639"}],"wp:attachment":[{"href":"https:\/\/misteriodeobanos.org\/fr\/wp-json\/wp\/v2\/media?parent=3643"}],"wp:term":[{"taxonomy":"category","embeddable":true,"href":"https:\/\/misteriodeobanos.org\/fr\/wp-json\/wp\/v2\/categories?post=3643"},{"taxonomy":"post_tag","embeddable":true,"href":"https:\/\/misteriodeobanos.org\/fr\/wp-json\/wp\/v2\/tags?post=3643"}],"curies":[{"name":"wp","href":"https:\/\/api.w.org\/{rel}","templated":true}]}}