{"id":5137,"date":"2025-05-19T16:13:25","date_gmt":"2025-05-19T16:13:25","guid":{"rendered":"https:\/\/misteriodeobanos.org\/obanos-escenario-para-la-musica-coral-antigua\/"},"modified":"2025-05-19T16:52:14","modified_gmt":"2025-05-19T16:52:14","slug":"obanos-antzinako-musika-koralerako-agertokia","status":"publish","type":"post","link":"https:\/\/misteriodeobanos.org\/eu\/obanos-antzinako-musika-koralerako-agertokia\/","title":{"rendered":"Obanos, antzinako musika koralerako agertokia"},"content":{"rendered":"<p>&nbsp;<\/p>\n<p><strong>Burgosko Bideko Koralak irabazi zuen Obanosko Misterioa Fundazioak antolatutako Erdi Aroko eta Errenazimentuko Arnotegi Abesbatza Lehiaketako epaimahaiaren lehen saria. Musika ekitaldiak Erdi Aroan murgildu zuen herria, Maladanza antzinako musika taldearen parte-hartzearekin.<\/strong><\/p>\n<p>&nbsp;<\/p>\n<p>Obanos herria Erdi Aroko atmosferan murgildu zen larunbat honetan, Obanoseko Misterio Fundazioak antolatutako Erdi Aroko eta Errenazimentuko Arnotegi Abesbatza Musikaren Lehiaketa Nazionalaren seigarren edizioarekin. Lehiaketa San Juan elizan egin zen, eta aurten Juan Manuel Rubio Memoriala izena hartu du, iaz bat-batean hil zen bultzatzaile nagusiaren omenez. Jorge Apodaca Aisak, Pau de Luis Albak eta I\u00f1igo Casali Sarasibar nafarrak, nazio mailan ospe handia duten musikariek, osatutako epaimahaiak baloratutako interpretazio maila handiko hiru abesbatza bildu zituen.<\/p>\n<p>&nbsp;<\/p>\n<p><img loading=\"lazy\" decoding=\"async\" class=\"aligncenter wp-image-5116 size-full\" src=\"https:\/\/misteriodeobanos.org\/wp-content\/uploads\/2025\/05\/Coral-Camino02.webp\" alt=\"\" width=\"900\" height=\"600\" srcset=\"https:\/\/misteriodeobanos.org\/wp-content\/uploads\/2025\/05\/Coral-Camino02.webp 900w, https:\/\/misteriodeobanos.org\/wp-content\/uploads\/2025\/05\/Coral-Camino02-300x200.webp 300w, https:\/\/misteriodeobanos.org\/wp-content\/uploads\/2025\/05\/Coral-Camino02-768x512.webp 768w\" sizes=\"auto, (max-width: 900px) 100vw, 900px\" \/><\/p>\n<p style=\"text-align: center;\"><em>Burgosko Bideko Abesbatza, epaimahaiaren lehen saria<\/em><\/p>\n<p>&nbsp;<\/p>\n<p>Lehen saria Bideko Abesbatzak jaso zuen, 1.500 euro eta oroimenezko eskultura batekin. Bigarren saria, 1.000 eurokoa, Segoviako La Espada\u00f1a taldeari egokitu zitzaion, eta Capella Gramalla abesbatzak hirugarren postua lortu zuen 700 eurorekin. Gainera, La Espada\u00f1ako zuzendari Jos\u00e9 Rub\u00e9n Cidi zuzendari onenaren diploma eman zion epaimahaiak. Lehiaketan parte hartu zuten ikusleek, gainera, beren interpretazio gustukoena aukeratzeko aukera izan zuten, eta La Espada\u00f1a abesbatzak aukeratu zuen. Herriko Arcondoa gazte elkarteko bi ordezkarik 200 euro eman zizkioten La Espada\u00f1ari, eta herritarren bototik 200 euro jaso zituen.<\/p>\n<p>&nbsp;<\/p>\n<p><img loading=\"lazy\" decoding=\"async\" class=\"aligncenter wp-image-5124 size-full\" src=\"https:\/\/misteriodeobanos.org\/wp-content\/uploads\/2025\/05\/Primer-premio01.webp\" alt=\"\" width=\"900\" height=\"600\" srcset=\"https:\/\/misteriodeobanos.org\/wp-content\/uploads\/2025\/05\/Primer-premio01.webp 900w, https:\/\/misteriodeobanos.org\/wp-content\/uploads\/2025\/05\/Primer-premio01-300x200.webp 300w, https:\/\/misteriodeobanos.org\/wp-content\/uploads\/2025\/05\/Primer-premio01-768x512.webp 768w\" sizes=\"auto, (max-width: 900px) 100vw, 900px\" \/><\/p>\n<p style=\"text-align: center;\"><em>Emilio Gonz\u00e1lez, Burgosko abesbatzaren zuzendaria, lehen saria jasotzen.<\/em><\/p>\n<p>&nbsp;<\/p>\n<p>Epaimahaiaren eztabaidan zehar, Maladanza antzinako musika taldeak Erdi Aroan penintsulan elkarrekin bizi izan ziren hiru kulturetan \u2014 kristaua, judua eta musulmana \u2014 inspiratutako errepertorio delikatua eskaini zuen.<\/p>\n<p>&nbsp;<\/p>\n<p><img loading=\"lazy\" decoding=\"async\" class=\"aligncenter wp-image-5128 size-full\" src=\"https:\/\/misteriodeobanos.org\/wp-content\/uploads\/2025\/05\/Coral-Espadana02.webp\" alt=\"\" width=\"900\" height=\"600\" srcset=\"https:\/\/misteriodeobanos.org\/wp-content\/uploads\/2025\/05\/Coral-Espadana02.webp 900w, https:\/\/misteriodeobanos.org\/wp-content\/uploads\/2025\/05\/Coral-Espadana02-300x200.webp 300w, https:\/\/misteriodeobanos.org\/wp-content\/uploads\/2025\/05\/Coral-Espadana02-768x512.webp 768w\" sizes=\"auto, (max-width: 900px) 100vw, 900px\" \/><\/p>\n<p style=\"text-align: center;\"><em>La Espada\u00f1a abesbatzak irabazi zuen sari herrikoia eta epaimahaiak saritu egin zuen<\/em><\/p>\n<p>&nbsp;<\/p>\n<p>Emaitzak alde batera utzita, eta musika-ekitaldia gidatu zuten pertsonek, Sandra Santestebanek eta Eduardo Venturak, nabarmendu zutenez, bertaratutako publikoa izan zen irabazle nagusia, eta musika-aberastasun eta sinbolia-aberastasun handiko gaua izan zen.<\/p>\n<p>&nbsp;<\/p>\n<p>&nbsp;<\/p>\n<p><img loading=\"lazy\" decoding=\"async\" class=\"aligncenter wp-image-5132 size-full\" src=\"https:\/\/misteriodeobanos.org\/wp-content\/uploads\/2025\/05\/Foto-familia01.webp\" alt=\"\" width=\"900\" height=\"600\" srcset=\"https:\/\/misteriodeobanos.org\/wp-content\/uploads\/2025\/05\/Foto-familia01.webp 900w, https:\/\/misteriodeobanos.org\/wp-content\/uploads\/2025\/05\/Foto-familia01-300x200.webp 300w, https:\/\/misteriodeobanos.org\/wp-content\/uploads\/2025\/05\/Foto-familia01-768x512.webp 768w\" sizes=\"auto, (max-width: 900px) 100vw, 900px\" \/><\/p>\n<p style=\"text-align: center;\"><em>Lehiaketako parte-hartzaile eta antolatzaileak, familiaren argazkian<\/em><\/p>\n<p>&nbsp;<\/p>\n<p>&nbsp;<\/p>\n<p><img loading=\"lazy\" decoding=\"async\" class=\"aligncenter wp-image-5141 size-full\" src=\"https:\/\/misteriodeobanos.org\/wp-content\/uploads\/2025\/05\/Coral-Capella-Gramalla.webp\" alt=\"\" width=\"900\" height=\"600\" srcset=\"https:\/\/misteriodeobanos.org\/wp-content\/uploads\/2025\/05\/Coral-Capella-Gramalla.webp 900w, https:\/\/misteriodeobanos.org\/wp-content\/uploads\/2025\/05\/Coral-Capella-Gramalla-300x200.webp 300w, https:\/\/misteriodeobanos.org\/wp-content\/uploads\/2025\/05\/Coral-Capella-Gramalla-768x512.webp 768w\" sizes=\"auto, (max-width: 900px) 100vw, 900px\" \/><\/p>\n<p style=\"text-align: center;\">Capella Gramalla abesbatzaren emanaldia (Bartzelona)<\/p>\n<p>&nbsp;<\/p>\n<p>&nbsp;<\/p>\n<p style=\"text-align: right;\"><em><img loading=\"lazy\" decoding=\"async\" class=\"aligncenter wp-image-5145 size-full\" src=\"https:\/\/misteriodeobanos.org\/wp-content\/uploads\/2025\/05\/Jurado.webp\" alt=\"\" width=\"900\" height=\"600\" srcset=\"https:\/\/misteriodeobanos.org\/wp-content\/uploads\/2025\/05\/Jurado.webp 900w, https:\/\/misteriodeobanos.org\/wp-content\/uploads\/2025\/05\/Jurado-300x200.webp 300w, https:\/\/misteriodeobanos.org\/wp-content\/uploads\/2025\/05\/Jurado-768x512.webp 768w\" sizes=\"auto, (max-width: 900px) 100vw, 900px\" \/><\/em><\/p>\n<p>&nbsp;<\/p>\n<p>&nbsp;<\/p>\n<p style=\"text-align: right;\"><em><strong>Oriol Conesak<\/strong> utzitako irudiak<\/em><\/p>\n<p>&nbsp;<\/p>\n<p>&nbsp;<\/p>\n<p><strong>Juan Manuel Rubiori omenaldia<\/strong><\/p>\n<p>Obanosko Misterio Fundazioak omenaldi hunkigarria egin nahi izan zion Juan Manuel Rubiori, abesbatza-lehiaketako arima nagusiari. Elkarteko lehendakari izandako Roman Felones Fundazioko kidea izan zen, Nafarroako arte eta kultura arloaren ordezkari gisa. Felonesek Rubioren &#8220;konpromisoa, lidergoa eta gertutasuna&#8221; nabarmendu zituen, eta Misterioaren antzezpena biziberritzeko egindako lan nekaezina gogorarazi zuen. Aldi berean, lana Done Jakueren munduarekin lotzen eta eskualde osoarekin sustraitzen jarraitzearen aldeko apustua egin zuen, eta berriro martxan jartzeko borondatea izatea nahi zuen.<\/p>\n<p><img loading=\"lazy\" decoding=\"async\" class=\"size-medium wp-image-1797 aligncenter\" src=\"https:\/\/misteriodeobanos.org\/wp-content\/uploads\/2022\/05\/Foto-Presidente-2022d-218x300.jpg\" alt=\"\" width=\"218\" height=\"300\" srcset=\"https:\/\/misteriodeobanos.org\/wp-content\/uploads\/2022\/05\/Foto-Presidente-2022d-218x300.jpg 218w, https:\/\/misteriodeobanos.org\/wp-content\/uploads\/2022\/05\/Foto-Presidente-2022d.jpg 472w\" sizes=\"auto, (max-width: 218px) 100vw, 218px\" \/><\/p>\n<p>Bestalde, Fundazioko presidente berriak, Mikel Pagolak, Rubioren senideei \u2014 Alvaro anaia eta Mari Carmen Guembe izeba \u2014 eman zien lehen saria. Bere hitzaldian, Pagolak iragarri zuen laster herri-galdeketa bat egingo zela, herritarrek antzerkiaren etorkizunari buruz duten iritzia ezagutzeko. &#8220;Herriaren sentsibilitatea testatu nahi dugu eta alde on eta txar guztiak arretaz aztertu&#8221;, adierazi zuen. Kontsulta udan egitea aurreikusten da.<\/p>\n<p>&nbsp;<\/p>\n<p>&nbsp;<\/p>\n","protected":false},"excerpt":{"rendered":"<p>&nbsp; Burgosko Bideko Koralak irabazi zuen Obanosko Misterioa Fundazioak antolatutako Erdi Aroko eta Errenazimentuko Arnotegi Abesbatza Lehiaketako epaimahaiaren lehen saria. Musika ekitaldiak Erdi Aroan murgildu zuen herria, Maladanza antzinako musika taldearen parte-hartzearekin. &nbsp; Obanos herria Erdi Aroko atmosferan murgildu zen larunbat honetan, Obanoseko Misterio Fundazioak antolatutako Erdi Aroko eta Errenazimentuko Arnotegi Abesbatza Musikaren Lehiaketa Nazionalaren &hellip; <a href=\"https:\/\/misteriodeobanos.org\/eu\/obanos-antzinako-musika-koralerako-agertokia\/\" class=\"more-link\">Continue reading <span class=\"screen-reader-text\">Obanos, antzinako musika koralerako agertokia<\/span><\/a><\/p>\n","protected":false},"author":1,"featured_media":5101,"comment_status":"closed","ping_status":"closed","sticky":false,"template":"","format":"standard","meta":{"_monsterinsights_skip_tracking":false,"_monsterinsights_sitenote_active":false,"_monsterinsights_sitenote_note":"","_monsterinsights_sitenote_category":0,"footnotes":""},"categories":[60],"tags":[],"class_list":["post-5137","post","type-post","status-publish","format-standard","has-post-thumbnail","hentry","category-lehiaketak"],"_links":{"self":[{"href":"https:\/\/misteriodeobanos.org\/eu\/wp-json\/wp\/v2\/posts\/5137","targetHints":{"allow":["GET"]}}],"collection":[{"href":"https:\/\/misteriodeobanos.org\/eu\/wp-json\/wp\/v2\/posts"}],"about":[{"href":"https:\/\/misteriodeobanos.org\/eu\/wp-json\/wp\/v2\/types\/post"}],"author":[{"embeddable":true,"href":"https:\/\/misteriodeobanos.org\/eu\/wp-json\/wp\/v2\/users\/1"}],"replies":[{"embeddable":true,"href":"https:\/\/misteriodeobanos.org\/eu\/wp-json\/wp\/v2\/comments?post=5137"}],"version-history":[{"count":3,"href":"https:\/\/misteriodeobanos.org\/eu\/wp-json\/wp\/v2\/posts\/5137\/revisions"}],"predecessor-version":[{"id":5153,"href":"https:\/\/misteriodeobanos.org\/eu\/wp-json\/wp\/v2\/posts\/5137\/revisions\/5153"}],"wp:featuredmedia":[{"embeddable":true,"href":"https:\/\/misteriodeobanos.org\/eu\/wp-json\/wp\/v2\/media\/5101"}],"wp:attachment":[{"href":"https:\/\/misteriodeobanos.org\/eu\/wp-json\/wp\/v2\/media?parent=5137"}],"wp:term":[{"taxonomy":"category","embeddable":true,"href":"https:\/\/misteriodeobanos.org\/eu\/wp-json\/wp\/v2\/categories?post=5137"},{"taxonomy":"post_tag","embeddable":true,"href":"https:\/\/misteriodeobanos.org\/eu\/wp-json\/wp\/v2\/tags?post=5137"}],"curies":[{"name":"wp","href":"https:\/\/api.w.org\/{rel}","templated":true}]}}