{"id":3922,"date":"2023-04-17T15:23:48","date_gmt":"2023-04-17T15:23:48","guid":{"rendered":"https:\/\/misteriodeobanos.org\/el-coro-de-camara-salix-cantor-primer-premio-en-el-concurso-coral-nacional-de-musica-medieval-y-renacentista-arnotegui\/"},"modified":"2023-04-18T08:09:37","modified_gmt":"2023-04-18T08:09:37","slug":"salix-cantor-ganbera-korua-erdi-aroko-musika-koral-lehiaketa-nazionaleko-lehen-saria-eta-arnotegi-errenazentista","status":"publish","type":"post","link":"https:\/\/misteriodeobanos.org\/eu\/salix-cantor-ganbera-korua-erdi-aroko-musika-koral-lehiaketa-nazionaleko-lehen-saria-eta-arnotegi-errenazentista\/","title":{"rendered":"Salix Cantor Ganbera Korua, Erdi Aroko Musika Koral Lehiaketa Nazionaleko lehen saria eta Arnotegi Errenazentista"},"content":{"rendered":"<div class=\"wpb-content-wrapper\"><p>[vc_section][vc_row][vc_column]<div class=\"tm-element-heading-wrapper tm-heading-inner tm-element-align-left tm-seperator-none tm-heading-style-vertical \"><section class=\"tm-vc_cta3-container\"><div class=\"tm-vc_general tm-vc_cta3 tm-cta3-only tm-vc_cta3-style-classic tm-vc_cta3-shape-rounded tm-vc_cta3-align-left tm-vc_cta3-color-transparent tm-vc_cta3-icon-size-md tm-vc_cta3-actions-no tm-cta3-without-desc\"><div class=\"tm-vc_cta3_content-container\"><div class=\"tm-vc_cta3-content\"><header class=\"tm-vc_cta3-content-header tm-wrap\"><div class=\"tm-vc_cta3-headers tm-wrap-cell\"><h2 class=\"tm-custom-heading \" >Salix Cantor Ganbera Korua, Erdi Aroko Musika Koral Lehiaketa Nazionaleko lehen saria eta Arnotegi Errenazentista<\/h2>\n<\/div><div class=\"heading-seperator\"><span><\/span><\/div><\/header><\/div><\/div><\/div><\/section><\/div> <!-- .tm-element-heading-wrapper container --> [\/vc_column][\/vc_row][vc_row][vc_column][vc_column_text]Laugarren Abesbatza Lehiaketaren edizioak arrakasta handia lortu zuen deialdian, eta maila musikal handia izan zuen parte hartu zuten hiru abesbatzetan. Entzuleek Lasarte-Oriako Alboka Abesbatzaren emanaldia aukeratu zuten gustukoen.<\/p>\n<p>Parte hartu zuten hiru taldeek aintzatespena jaso zuten. Madrilgo Salix Cantor abesbatzak epaimahaiaren lehen saria eskuratu bazuen, Iru\u00f1eko La Asunci\u00f3n abesbatzak publikoaren saria eskuratu zuen eta zuzendariak, berriz, epaimahaiaren baloraziorik onena jaso zuen. Baina, musika-ekitaldia gidatzeaz arduratu zirenek nabarmendu zutenez, irabazle nagusia Arnotegui lehiaketaren laugarren ediziora bertaratu zirenak izan ziren, Obanosen lehen mailako musika-ikuskizun batez gozatzeko aukera izan baitzuten.<\/p>\n<p>Ekitaldia Misterio de Obanos Fundazioak antolatu du, eta Nafarroako eta Done Jakue Bide osoko musika polifoniko koralaren erreferente bihurtu nahi du. Javier del Cura Misterioaren zuzendariak, parte hartu duten abesbatzei bide eman aurretik, lehiaketaren ibilbidearen errepasoa egin zuen. Del Cura elkarteak 2024an Obanosko Misterioaren inguruko kultur astea ospatzea duela helburu aurreratu zuen. Obanosko tradizio honekin lotutako beste ekitaldi batzuk ere izango dira bertan.<\/p>\n<p>Larunbateko ekitaldian Eduardo Zubicoa tenorrak eta Raquel Fernandez sopranoak parte hartu zuten, pianoan Daniel Gutierrez lagun zutela. Sariak (1.200, 700 eta 400 euro, hurrenez hurren) talde parte-hartzaileen artean banatzeko ardura izan zuen epaimahaiari dagokionez, Teresa Catal\u00e1n S\u00e1nchez eta Tom\u00e1s Marco konpositore ospetsuek eta Andoni Sierra Cuencako Erlijio Musikaren Astearen zuzendari izendatu berriak osatu zuten. Zuzendari onenaren saria nork eramango zuen ere erabaki zuten, eta Iru\u00f1eko La Asunci\u00f3n abesbatzako zuzendari Beatriz Aguirreri egokitu zitzaion. Sari hori lehiaketaren laugarren edizioan sartutako berrikuntzetako bat zen, eta, aurkezpenean Iru\u00f1eko Ganbera Abesbatzako zuzendari David Galvezek iragarri bezala, abesbatzaren gidariak Erdi Aroko musikaren espirituaren erreprodukzio leialean egindako lana baloratu nahi zuen.<\/p>\n<p>Parte hartu zuten hiru abesbatzek XIV. mendetik XVI. mendera bitarteko kantutegiaren artean aukeratutako errepertorioa interpretatu zuten, baita nahitaez bete beharreko pieza bat ere, Stella Splendens, XIV. mendeko Libre Vermell de Montserrat (Vermell de Montserrat) izenekoan jasotakoa.[\/vc_column_text][\/vc_column][\/vc_row][vc_row][vc_column][vc_single_image image=&#8221;3886&#8243; img_size=&#8221;large&#8221;][vc_column_text css=&#8221;.vc_custom_1681751953857{margin-top: -20px !important;padding-top: -20px !important;}&#8221;]Epaimahaiaren lehen saria Madrilgo Salix Cantor abesbatzarentzat.[\/vc_column_text][\/vc_column][\/vc_row][vc_row][vc_column][vc_single_image image=&#8221;3911&#8243; img_size=&#8221;large&#8221;][vc_column_text css=&#8221;.vc_custom_1681751977319{margin-top: -20px !important;padding-top: -20px !important;}&#8221;]Lasarte-Oriako Alboka Abesbatzaren bigarren saria[\/vc_column_text][\/vc_column][\/vc_row][vc_row][vc_column][vc_single_image image=&#8221;3916&#8243; img_size=&#8221;large&#8221;][vc_column_text css=&#8221;.vc_custom_1681751996512{margin-top: -20px !important;padding-top: -20px !important;}&#8221;]Iru\u00f1eko La Asunci\u00f3n abesbatzaren hirugarren saria.[\/vc_column_text][\/vc_column][\/vc_row][vc_row][vc_column][vc_single_image image=&#8221;3877&#8243; img_size=&#8221;large&#8221;][vc_column_text css=&#8221;.vc_custom_1681805365753{margin-top: -20px !important;padding-top: -20px !important;}&#8221;]Publikoaren saria Iru\u00f1eko La Asunci\u00f3n abesbatzari[\/vc_column_text][\/vc_column][\/vc_row][vc_row][vc_column][vc_single_image image=&#8221;3871&#8243; img_size=&#8221;large&#8221;][vc_column_text css=&#8221;.vc_custom_1681805323591{margin-top: -20px !important;padding-top: -20px !important;}&#8221;]Epaimahaiaren saria Iru\u00f1eko La Asunci\u00f3n abesbatzako zuzendari Beatriz Aguirreri.[\/vc_column_text][\/vc_column][\/vc_row][vc_row][vc_column][vc_single_image image=&#8221;3903&#8243; img_size=&#8221;large&#8221;][vc_single_image image=&#8221;3907&#8243; img_size=&#8221;large&#8221;][vc_column_text css=&#8221;.vc_custom_1681752069061{margin-top: -20px !important;padding-top: -20px !important;}&#8221;]Salix Cantor abesbatzaren emanaldia[\/vc_column_text][\/vc_column][\/vc_row][vc_row][vc_column][vc_single_image image=&#8221;3798&#8243; img_size=&#8221;large&#8221;][vc_single_image image=&#8221;3811&#8243; img_size=&#8221;large&#8221;][vc_column_text css=&#8221;.vc_custom_1681752088718{margin-top: -20px !important;padding-top: -20px !important;}&#8221;]Lasarte-Oriako Alboka Abesbatzaren emanaldia.[\/vc_column_text][\/vc_column][\/vc_row][vc_row][vc_column][vc_single_image image=&#8221;3862&#8243; img_size=&#8221;large&#8221;][vc_column_text css=&#8221;.vc_custom_1681752118417{margin-top: -20px !important;padding-top: -20px !important;}&#8221;]Iru\u00f1eko La Asunci\u00f3n abesbatzaren emanaldia.[\/vc_column_text][\/vc_column][\/vc_row][vc_row][vc_column][vc_single_image image=&#8221;3816&#8243; img_size=&#8221;large&#8221; add_caption=&#8221;yes&#8221;][vc_column_text css=&#8221;.vc_custom_1681752138415{margin-top: -20px !important;padding-top: -20px !important;}&#8221;]Parte-hartzaile guztien argazkia elkarrekin.[\/vc_column_text][\/vc_column][\/vc_row][vc_row][vc_column][vc_single_image image=&#8221;3832&#8243; img_size=&#8221;large&#8221;][vc_column_text css=&#8221;.vc_custom_1681752173657{margin-top: -20px !important;padding-top: -20px !important;}&#8221;]Sariak (1.200, 700 eta 400 euro, hurrenez hurren) talde parte-hartzaileen artean banatzeko ardura izan zuen epaimahaiari dagokionez, Teresa Catal\u00e1n S\u00e1nchez eta Tom\u00e1s Marco konpositore ospetsuek eta Andoni Sierra Cuencako Erlijio Musikaren Astearen zuzendari izendatu berriak osatu zuten.[\/vc_column_text][vc_single_image image=&#8221;3841&#8243; img_size=&#8221;large&#8221;][vc_column_text css=&#8221;.vc_custom_1681747174779{margin-top: -20px !important;padding-top: -20px !important;}&#8221;]Andoni Sierra[\/vc_column_text][vc_single_image image=&#8221;3847&#8243; img_size=&#8221;large&#8221;][vc_column_text css=&#8221;.vc_custom_1681747683835{margin-top: -20px !important;padding-top: -20px !important;}&#8221;]David G\u00e1lvez[\/vc_column_text][vc_single_image image=&#8221;3853&#8243; img_size=&#8221;large&#8221;][vc_column_text css=&#8221;.vc_custom_1681747797700{margin-top: -20px !important;padding-top: -20px !important;}&#8221;]Teresa Catal\u00e1n S\u00e1nchez[\/vc_column_text][vc_single_image image=&#8221;3857&#8243; img_size=&#8221;large&#8221;][vc_column_text css=&#8221;.vc_custom_1681747903578{margin-top: -20px !important;padding-top: -20px !important;}&#8221;]Tom\u00e1s Marco[\/vc_column_text][\/vc_column][\/vc_row][vc_row][vc_column][vc_single_image image=&#8221;3866&#8243; img_size=&#8221;large&#8221;][vc_column_text css=&#8221;.vc_custom_1681752198169{margin-top: -20px !important;padding-top: -20px !important;}&#8221;]Eduardo Zubicoa tenorea eta Raquel Fernandez sopranoa, pianoan Daniel Gutierrezek lagunduta.[\/vc_column_text][\/vc_column][\/vc_row][vc_row][vc_column][vc_single_image image=&#8221;3882&#8243; img_size=&#8221;large&#8221;][vc_column_text]Ekitaldiaren aurkezleak[\/vc_column_text][\/vc_column][\/vc_row][\/vc_section][vc_row][vc_column][vc_single_image image=&#8221;3891&#8243; img_size=&#8221;large&#8221;][vc_single_image image=&#8221;3895&#8243; img_size=&#8221;large&#8221;][vc_single_image image=&#8221;3899&#8243; img_size=&#8221;large&#8221;][vc_column_text css=&#8221;.vc_custom_1681752232651{margin-top: -20px !important;padding-top: -20px !important;}&#8221;]Giroa ekitaldian[\/vc_column_text][\/vc_column][\/vc_row][vc_row][vc_column][vc_single_image image=&#8221;3826&#8243; img_size=&#8221;large&#8221;][\/vc_column][\/vc_row]<\/p>\n<\/div>","protected":false},"excerpt":{"rendered":"<p>Salix Cantor Ganbera Korua, Erdi Aroko Musika Koral Lehiaketa Nazionaleko lehen saria eta Arnotegi Errenazentista<\/p>\n","protected":false},"author":1,"featured_media":3817,"comment_status":"closed","ping_status":"closed","sticky":false,"template":"","format":"standard","meta":{"_monsterinsights_skip_tracking":false,"_monsterinsights_sitenote_active":false,"_monsterinsights_sitenote_note":"","_monsterinsights_sitenote_category":0,"footnotes":""},"categories":[66,60],"tags":[],"class_list":["post-3922","post","type-post","status-publish","format-standard","has-post-thumbnail","hentry","category-albisteak","category-lehiaketak"],"_links":{"self":[{"href":"https:\/\/misteriodeobanos.org\/eu\/wp-json\/wp\/v2\/posts\/3922","targetHints":{"allow":["GET"]}}],"collection":[{"href":"https:\/\/misteriodeobanos.org\/eu\/wp-json\/wp\/v2\/posts"}],"about":[{"href":"https:\/\/misteriodeobanos.org\/eu\/wp-json\/wp\/v2\/types\/post"}],"author":[{"embeddable":true,"href":"https:\/\/misteriodeobanos.org\/eu\/wp-json\/wp\/v2\/users\/1"}],"replies":[{"embeddable":true,"href":"https:\/\/misteriodeobanos.org\/eu\/wp-json\/wp\/v2\/comments?post=3922"}],"version-history":[{"count":3,"href":"https:\/\/misteriodeobanos.org\/eu\/wp-json\/wp\/v2\/posts\/3922\/revisions"}],"predecessor-version":[{"id":3940,"href":"https:\/\/misteriodeobanos.org\/eu\/wp-json\/wp\/v2\/posts\/3922\/revisions\/3940"}],"wp:featuredmedia":[{"embeddable":true,"href":"https:\/\/misteriodeobanos.org\/eu\/wp-json\/wp\/v2\/media\/3817"}],"wp:attachment":[{"href":"https:\/\/misteriodeobanos.org\/eu\/wp-json\/wp\/v2\/media?parent=3922"}],"wp:term":[{"taxonomy":"category","embeddable":true,"href":"https:\/\/misteriodeobanos.org\/eu\/wp-json\/wp\/v2\/categories?post=3922"},{"taxonomy":"post_tag","embeddable":true,"href":"https:\/\/misteriodeobanos.org\/eu\/wp-json\/wp\/v2\/tags?post=3922"}],"curies":[{"name":"wp","href":"https:\/\/api.w.org\/{rel}","templated":true}]}}