{"id":3105,"date":"2022-07-18T21:26:15","date_gmt":"2022-07-18T21:26:15","guid":{"rendered":"https:\/\/misteriodeobanos.org\/visita-de-jose-luis-masso-a-obanos-y-la-fundacion-misterio-de-obanos\/"},"modified":"2022-07-18T21:45:06","modified_gmt":"2022-07-18T21:45:06","slug":"visita-de-jose-luis-masso-a-obanos-y-la-fundacion-misterio-de-obanos","status":"publish","type":"post","link":"https:\/\/misteriodeobanos.org\/eu\/visita-de-jose-luis-masso-a-obanos-y-la-fundacion-misterio-de-obanos\/","title":{"rendered":"Jos\u00e9 Luis Mass\u00f3ren bisita Obanosera eta Misterio de Obanos Fundazioa"},"content":{"rendered":"<div class=\"wpb-content-wrapper\"><p>[vc_row][vc_column][vc_column_text]Jos\u00e9 Luis Mass\u00f3 Guirao Obanosera eta Obanosko Misterio Fundaziora joan zen bisitan.<br \/>\n<!--more-->[\/vc_column_text][\/vc_column][\/vc_row][vc_row][vc_column][vc_single_image image=&#8221;3062&#8243; img_size=&#8221;large&#8221; alignment=&#8221;center&#8221;][\/vc_column][\/vc_row][vc_row][vc_column][vc_single_image image=&#8221;3068&#8243; img_size=&#8221;large&#8221; alignment=&#8221;center&#8221;][\/vc_column][\/vc_row][vc_row][vc_column][vc_single_image image=&#8221;3072&#8243; img_size=&#8221;large&#8221; alignment=&#8221;center&#8221;][\/vc_column][\/vc_row][vc_row][vc_column][vc_single_image image=&#8221;3076&#8243; img_size=&#8221;large&#8221; alignment=&#8221;center&#8221;][\/vc_column][\/vc_row][vc_row][vc_column][vc_single_image image=&#8221;3080&#8243; img_size=&#8221;large&#8221; alignment=&#8221;center&#8221;][\/vc_column][\/vc_row][vc_row][vc_column][vc_single_image image=&#8221;3084&#8243; img_size=&#8221;large&#8221; alignment=&#8221;center&#8221;][\/vc_column][\/vc_row][vc_row][vc_column][vc_single_image image=&#8221;3088&#8243; img_size=&#8221;large&#8221; alignment=&#8221;center&#8221;][\/vc_column][\/vc_row][vc_row][vc_column][vc_single_image image=&#8221;3092&#8243; img_size=&#8221;large&#8221; alignment=&#8221;center&#8221;][\/vc_column][\/vc_row][vc_row][vc_column][vc_single_image image=&#8221;3096&#8243; img_size=&#8221;large&#8221; alignment=&#8221;center&#8221;][\/vc_column][\/vc_row][vc_row][vc_column][vc_single_image image=&#8221;3100&#8243; img_size=&#8221;large&#8221; alignment=&#8221;center&#8221;][\/vc_column][\/vc_row][vc_row][vc_column][vc_column_text]<\/p>\n<h1><strong>JOS\u00c9 LUIS MASS\u00d3 GUIRAO<\/strong><\/h1>\n<p><span lang=\"ES\" xml:lang=\"ES\">Ha cursado estudios de Interpretaci\u00f3n\u00a0 y Escenograf\u00eda en la Real Escuela Superior de Arte dram\u00e1tico de Madrid. Ampli\u00f3 estudios en Inglaterra en la Webber Douglas Academy de Londres y, en Italia, en el Tag (Teatro alla giustizia) de Venecia y el teatro del Vicolo de Reggio Emilia.<\/span><\/p>\n<p><span lang=\"ES\" xml:lang=\"ES\">\u00a0<\/span><\/p>\n<p><span lang=\"ES\" xml:lang=\"ES\"><span style=\"font-size: large;\">Es, adem\u00e1s de actor, director y escen\u00f3grafo, profesor de verso del siglo de oro espa\u00f1ol y profesor de<\/span>\u00a0<\/span><span lang=\"ES\" xml:lang=\"ES\">Commedia dell\u2019arte, Maestro de armas y Acuarelista.<\/span><\/p>\n<p><span lang=\"ES\" xml:lang=\"ES\">\u00a0<\/span><\/p>\n<p><span lang=\"ES\" xml:lang=\"ES\">Como actor ha trabajado en Espa\u00f1a, Inglaterra e Italia, en compa\u00f1\u00edas como el Centro Dram\u00e1tico Nacional, Compa\u00f1\u00eda Nacional de teatro Cl\u00e1sico, Don Duardos, 2rc Teatro, Tag de Venecia y Chanticlier Theatre con varios directores entre los que cabe destacar Adolfo Marsillach, Pilar Mir\u00f3, Guillermo Heras, Ariel Garc\u00eda Vald\u00e9s, Sergi Belbel, Jean Pierre Miquel, Maurizio Scaparro, Eduardo Vasco, Rafael Rodr\u00edguez, etc.<\/span><\/p>\n<p><span lang=\"ES\" xml:lang=\"ES\">\u00a0<\/span><\/p>\n<p><span lang=\"ES\" xml:lang=\"ES\">Ha dirigido varios espect\u00e1culos entre los que cabe destacar &#8220;Los ni\u00f1os del XXI&#8221; de Luis O&#8217;Malley para el Temudas fest de Las Palmas de Gran Canaria (2017), \u201cInsulario\u201d, sobre textos de jovenes dramaturgos canarios, dentro del proyecto \u201cEscuela de espectadores\u201d. Ha sido elegido por el ayuntamiento de Las Palmas para dirigir \u201cLos ecos del Tenorio\u201d en 2012, &#8220;Don Juan en Vegueta&#8221; en 2018, 2019 y 2020 dentro de la tradici\u00f3n canaria de representar anualmente el tenorio en la calle. Junto a Rafael Rodr\u00edguez, ha dirigido las galas de inauguraci\u00f3n del 18\u00ba y 19\u00ba Festival Internacional de Cine de Las Palmas de Gran Canaria presentado por El Gran Wyoming y Cayetana Guill\u00e9n Cuervo respectivamente.<\/span><\/p>\n<p><span lang=\"ES\" xml:lang=\"ES\">\u00a0<\/span><\/p>\n<p><span lang=\"ES\" xml:lang=\"ES\">Ha sido Ayudante de direcci\u00f3n en la puesta en escena de espect\u00e1culos en diversas compa\u00f1\u00edas como Centro Dram\u00e1tico Nacional, Compa\u00f1\u00eda Nacional de Teatro Cl\u00e1sico, Noviembre Teatro, Compa\u00f1\u00eda Nacional de Turqu\u00eda (Develet Tiyatrosu) con varios directores, entre los que destacan Jos\u00e9 Maria Pou, Eduardo Vasco, Jean Pierre Miquel, Maurizio Scaparro, Natalia Men\u00e9ndez, Sergi Belbel, Helena Pimenta, Juan Carlos P\u00e9rez de la Fuente, Rafael Rodr\u00edguez, etc.<\/span><\/p>\n<p><span lang=\"ES\" xml:lang=\"ES\">\u00a0<\/span><\/p>\n<p><span lang=\"ES\" xml:lang=\"ES\">Ha realizado escenograf\u00edas para\u00a0<em>La Sibila Casandra<\/em>\u00a0y\u00a0<em>Metamorfosea<\/em>\u00a0ambas dirigidas por Ana Zamora;\u00a0<em>The dark side of the earth<\/em>, inaugurando la Expo-Zaragoza 2008. Para 2RC compa\u00f1\u00eda de teatro ha realizado las escenograf\u00edas de\u00a0<em>El alcalde de Zalamea<\/em>,\u00a0<em>El cerco de Leningrado, Desmontando a Don Juan, Abre el ojo, Romeo y Julieta, El mar y las estrellas, La vida es sue\u00f1o&#8230; y circo, Hansel y Gretel (el musical), Los ni\u00f1os el XXI, El gal\u00e1n Fantasma&#8230;,<\/em>\u00a0todas dirigidas por Rafel Rodr\u00edguez.<\/span><\/p>\n<p><span lang=\"ES\" xml:lang=\"ES\">\u00a0<\/span><\/p>\n<p><span lang=\"ES\" xml:lang=\"ES\">Ha creado luchas esc\u00e9nicas para la Compa\u00f1\u00eda Nacional de Teatro Cl\u00e1sico, Gran Teatre del Liceu de Barcelona, \u00a0Noviembre Teatro, 2rc Teatro&#8230;<\/span><\/p>\n<p><span lang=\"ES\" xml:lang=\"ES\">\u00a0<\/span><\/p>\n<p><strong><span lang=\"ES\" xml:lang=\"ES\">Ha sido Coordinador art\u00edstico de la direcci\u00f3n de la Compa\u00f1\u00eda Nacional de Teatro Cl\u00e1sico dependiente del ministerio de Cultura de Espa\u00f1a durante siete a\u00f1os.<\/span><\/strong><\/p>\n<p>&nbsp;<\/p>\n<p><strong><span lang=\"ES\" xml:lang=\"ES\">Ha ilustrado el libro &#8220;Los abandonos&#8221; de Cayetana Guill\u00e9n Cuervo. Editorial La esfera<\/span><\/strong><\/p>\n<p><span lang=\"ES\" xml:lang=\"ES\">\u00a0<\/span><\/p>\n<p><span lang=\"ES\" xml:lang=\"ES\">En 2009 recibi\u00f3 el premio Agora del Festival internacional de Teatro Cl\u00e1sico de Almagro reconociendo su labor durante 20 a\u00f1os en el Festival.<\/span><\/p>\n<p><span lang=\"ES\" xml:lang=\"ES\">Su propuesta art\u00edstica de\u00a0<em>El cerco de Leningrado<\/em><\/span>\u00a0<span lang=\"ES\" xml:lang=\"ES\">fue premiada con una menci\u00f3n especial en el Festival Mar de Plata en Argentina en 2009 Por este mismo espect\u00e1culo tambi\u00e9n recibi\u00f3 el premio al mejor montaje esc\u00e9nico en el Festival Garnacha de la Rioja.<\/span><\/p>\n<p><span lang=\"ES\" xml:lang=\"ES\">En 2012 recibi\u00f3 el premio &#8220;R\u00e9plica&#8221; de la asociaci\u00f3n de empresas de artes esc\u00e9nicas de Canarias a la mejor escenograf\u00eda por &#8220;Abre el ojo &#8221; de Rojas Zorrilla producida por 2rc Teatro<em>.<\/em><\/span><\/p>\n<p><em><span lang=\"ES\" xml:lang=\"ES\">\u00a0<\/span><\/em><\/p>\n<p><span lang=\"ES\" xml:lang=\"ES\">Idiomas: Espa\u00f1ol, ingl\u00e9s, franc\u00e9s e italiano<\/span>[\/vc_column_text][\/vc_column][\/vc_row][vc_row][vc_column][vc_column_text]Fuente: <a href=\"http:\/\/joseluismasso.es\/\">http:\/\/joseluismasso.es\/<\/a>[\/vc_column_text][\/vc_column][\/vc_row]<\/p>\n<\/div>","protected":false},"excerpt":{"rendered":"<p>Jos\u00e9 Luis Mass\u00f3 Guirao Obanosera eta Obanosko Misterio Fundaziora joan zen bisitan.<\/p>\n","protected":false},"author":1,"featured_media":3059,"comment_status":"closed","ping_status":"closed","sticky":false,"template":"","format":"standard","meta":{"_monsterinsights_skip_tracking":false,"_monsterinsights_sitenote_active":false,"_monsterinsights_sitenote_note":"","_monsterinsights_sitenote_category":0,"footnotes":""},"categories":[66],"tags":[],"class_list":["post-3105","post","type-post","status-publish","format-standard","has-post-thumbnail","hentry","category-albisteak"],"_links":{"self":[{"href":"https:\/\/misteriodeobanos.org\/eu\/wp-json\/wp\/v2\/posts\/3105","targetHints":{"allow":["GET"]}}],"collection":[{"href":"https:\/\/misteriodeobanos.org\/eu\/wp-json\/wp\/v2\/posts"}],"about":[{"href":"https:\/\/misteriodeobanos.org\/eu\/wp-json\/wp\/v2\/types\/post"}],"author":[{"embeddable":true,"href":"https:\/\/misteriodeobanos.org\/eu\/wp-json\/wp\/v2\/users\/1"}],"replies":[{"embeddable":true,"href":"https:\/\/misteriodeobanos.org\/eu\/wp-json\/wp\/v2\/comments?post=3105"}],"version-history":[{"count":2,"href":"https:\/\/misteriodeobanos.org\/eu\/wp-json\/wp\/v2\/posts\/3105\/revisions"}],"predecessor-version":[{"id":3107,"href":"https:\/\/misteriodeobanos.org\/eu\/wp-json\/wp\/v2\/posts\/3105\/revisions\/3107"}],"wp:featuredmedia":[{"embeddable":true,"href":"https:\/\/misteriodeobanos.org\/eu\/wp-json\/wp\/v2\/media\/3059"}],"wp:attachment":[{"href":"https:\/\/misteriodeobanos.org\/eu\/wp-json\/wp\/v2\/media?parent=3105"}],"wp:term":[{"taxonomy":"category","embeddable":true,"href":"https:\/\/misteriodeobanos.org\/eu\/wp-json\/wp\/v2\/categories?post=3105"},{"taxonomy":"post_tag","embeddable":true,"href":"https:\/\/misteriodeobanos.org\/eu\/wp-json\/wp\/v2\/tags?post=3105"}],"curies":[{"name":"wp","href":"https:\/\/api.w.org\/{rel}","templated":true}]}}