{"id":3923,"date":"2023-04-17T15:23:48","date_gmt":"2023-04-17T15:23:48","guid":{"rendered":"https:\/\/misteriodeobanos.org\/el-coro-de-camara-salix-cantor-primer-premio-en-el-concurso-coral-nacional-de-musica-medieval-y-renacentista-arnotegui\/"},"modified":"2023-04-18T08:12:29","modified_gmt":"2023-04-18T08:12:29","slug":"the-salix-cantor-chamber-choir-first-prize-in-the-national-choral-competition-of-medieval-and-renaissance-music-arnotegui","status":"publish","type":"post","link":"https:\/\/misteriodeobanos.org\/en\/the-salix-cantor-chamber-choir-first-prize-in-the-national-choral-competition-of-medieval-and-renaissance-music-arnotegui\/","title":{"rendered":"The Salix Cantor Chamber Choir, first prize in the National Choral Competition of Medieval and Renaissance Music Arnotegui"},"content":{"rendered":"<div class=\"wpb-content-wrapper\"><p>[vc_section][vc_row][vc_column]<div class=\"tm-element-heading-wrapper tm-heading-inner tm-element-align-left tm-seperator-none tm-heading-style-vertical \"><section class=\"tm-vc_cta3-container\"><div class=\"tm-vc_general tm-vc_cta3 tm-cta3-only tm-vc_cta3-style-classic tm-vc_cta3-shape-rounded tm-vc_cta3-align-left tm-vc_cta3-color-transparent tm-vc_cta3-icon-size-md tm-vc_cta3-actions-no tm-cta3-without-desc\"><div class=\"tm-vc_cta3_content-container\"><div class=\"tm-vc_cta3-content\"><header class=\"tm-vc_cta3-content-header tm-wrap\"><div class=\"tm-vc_cta3-headers tm-wrap-cell\"><h2 class=\"tm-custom-heading \" >The Salix Cantor Chamber Choir, first prize in the National Choral Competition of Medieval and Renaissance Music Arnotegui<\/h2>\n<\/div><div class=\"heading-seperator\"><span><\/span><\/div><\/header><\/div><\/div><\/div><\/section><\/div> <!-- .tm-element-heading-wrapper container --> [\/vc_column][\/vc_row][vc_row][vc_column][vc_column_text]The fourth edition of the Choral Competition was a great success and the three participating choirs performed at a high musical level. The audience chose the performance of Alboka Abesbatza, from Lasarte-Oria, as their favorite.<\/p>\n<p>There was recognition for the three participating groups. If the Madrid choir Salix Cantor won first prize from the jury, the choir La Asunci\u00f3n from Pamplona won the audience award and its director was the best rated by the jury. But, as the people in charge of conducting the musical event pointed out, the main winner was the audience attending the fourth edition of the Arnotegui competition, who were able to enjoy a first-class musical performance in the town of Obanos.<\/p>\n<p>The event, organized by the Fundaci\u00f3n Misterio de Obanos, wants to become &#8220;a benchmark for polyphonic choral music in Navarra and along the Way of St. James,&#8221; said Javier del Cura, director of the Misterio, who, before giving way to the participating choirs, reviewed the trajectory of this contest. Del Cura said that the entity aims to celebrate, in 2024, a cultural week around the Mystery of Obanos where other events related to this Obanese tradition will take place.<\/p>\n<p>Saturday&#8217;s event counted with the participation of the tenor Eduardo Zubicoa and the soprano Raquel Fern\u00e1ndez, accompanied on the piano by Daniel Guti\u00e9rrez. As for the jury in charge of distributing the prizes (1,200, 700 and 400 euros respectively) among the participating groups, it was composed of the famous composers Teresa Catal\u00e1n S\u00e1nchez and Tom\u00e1s Marco, as well as the recently appointed director of the Religious Music Week of Cuenca, Andoni Sierra. They also decided who would receive the award for best conductor, which went to the conductor of the choir La Asunci\u00f3n de Pamplona, Beatriz Aguirre. This award was one of the novelties introduced in the fourth edition of the contest and, as announced in the presentation by the director of the Pamplona Chamber Choir, David G\u00e1lvez, it was intended to value the work of the choir conductor in faithfully reproducing the spirit of medieval music.<\/p>\n<p>The three participating choirs performed their own repertoire chosen from the songbook of the 14th to 16th centuries, as well as a compulsory piece, Stella Splendens, included in the &#8220;Libre Vermell de Montserrat&#8221;, from the 14th century, a composition performed in unison by the three choirs as a final touch to the contest.[\/vc_column_text][\/vc_column][\/vc_row][vc_row][vc_column][vc_single_image image=&#8221;3886&#8243; img_size=&#8221;large&#8221;][vc_column_text css=&#8221;.vc_custom_1681752460838{margin-top: -20px !important;padding-top: -20px !important;}&#8221;]First prize of the jury for the Madrid choir Salix Cantor.[\/vc_column_text][\/vc_column][\/vc_row][vc_row][vc_column][vc_single_image image=&#8221;3911&#8243; img_size=&#8221;large&#8221;][vc_column_text css=&#8221;.vc_custom_1681752482458{margin-top: -20px !important;padding-top: -20px !important;}&#8221;]Second prize to the chorale from Lasarte-Oria Alboka Abesbatza[\/vc_column_text][\/vc_column][\/vc_row][vc_row][vc_column][vc_single_image image=&#8221;3916&#8243; img_size=&#8221;large&#8221;][vc_column_text css=&#8221;.vc_custom_1681752501086{margin-top: -20px !important;padding-top: -20px !important;}&#8221;]Third prize to the choir La Asunci\u00f3n de Pamplona.[\/vc_column_text][\/vc_column][\/vc_row][vc_row][vc_column][vc_single_image image=&#8221;3877&#8243; img_size=&#8221;large&#8221;][vc_column_text css=&#8221;.vc_custom_1681805449999{margin-top: -20px !important;padding-top: -20px !important;}&#8221;]Audience Award to the choir La Asunci\u00f3n de Pamplona[\/vc_column_text][\/vc_column][\/vc_row][vc_row][vc_column][vc_single_image image=&#8221;3871&#8243; img_size=&#8221;large&#8221;][vc_column_text css=&#8221;.vc_custom_1681805494075{margin-top: -20px !important;padding-top: -20px !important;}&#8221;]Jury Prize to the conductor of the La Asunci\u00f3n Choir of Pamplona, Beatriz Aguirre.[\/vc_column_text][\/vc_column][\/vc_row][vc_row][vc_column][vc_single_image image=&#8221;3903&#8243; img_size=&#8221;large&#8221;][vc_single_image image=&#8221;3907&#8243; img_size=&#8221;large&#8221;][vc_column_text css=&#8221;.vc_custom_1681752568832{margin-top: -20px !important;padding-top: -20px !important;}&#8221;]Performance by the Salix Cantor choir[\/vc_column_text][\/vc_column][\/vc_row][vc_row][vc_column][vc_single_image image=&#8221;3798&#8243; img_size=&#8221;large&#8221;][vc_single_image image=&#8221;3811&#8243; img_size=&#8221;large&#8221;][vc_column_text css=&#8221;.vc_custom_1681752588096{margin-top: -20px !important;padding-top: -20px !important;}&#8221;]Performance by Alboka Abesbatza, from Lasarte-Oria.[\/vc_column_text][\/vc_column][\/vc_row][vc_row][vc_column][vc_single_image image=&#8221;3862&#8243; img_size=&#8221;large&#8221;][vc_column_text css=&#8221;.vc_custom_1681752602461{margin-top: -20px !important;padding-top: -20px !important;}&#8221;]Performance of the Choir La Asunci\u00f3n of Pamplona.[\/vc_column_text][\/vc_column][\/vc_row][vc_row][vc_column][vc_single_image image=&#8221;3816&#8243; img_size=&#8221;large&#8221; add_caption=&#8221;yes&#8221;][vc_column_text css=&#8221;.vc_custom_1681752618045{margin-top: -20px !important;padding-top: -20px !important;}&#8221;]Photo of all participants together.[\/vc_column_text][\/vc_column][\/vc_row][vc_row][vc_column][vc_single_image image=&#8221;3832&#8243; img_size=&#8221;large&#8221;][vc_column_text css=&#8221;.vc_custom_1681752633543{margin-top: -20px !important;padding-top: -20px !important;}&#8221;]As for the jury in charge of distributing the prizes (1,200, 700 and 400 euros respectively) among the participating groups, it was composed of the famous composers Teresa Catal\u00e1n S\u00e1nchez and Tom\u00e1s Marco, as well as the recently appointed director of the Religious Music Week of Cuenca, Andoni Sierra.[\/vc_column_text][vc_single_image image=&#8221;3841&#8243; img_size=&#8221;large&#8221;][vc_column_text css=&#8221;.vc_custom_1681747174779{margin-top: -20px !important;padding-top: -20px !important;}&#8221;]Andoni Sierra[\/vc_column_text][vc_single_image image=&#8221;3847&#8243; img_size=&#8221;large&#8221;][vc_column_text css=&#8221;.vc_custom_1681747683835{margin-top: -20px !important;padding-top: -20px !important;}&#8221;]David G\u00e1lvez[\/vc_column_text][vc_single_image image=&#8221;3853&#8243; img_size=&#8221;large&#8221;][vc_column_text css=&#8221;.vc_custom_1681747797700{margin-top: -20px !important;padding-top: -20px !important;}&#8221;]Teresa Catal\u00e1n S\u00e1nchez[\/vc_column_text][vc_single_image image=&#8221;3857&#8243; img_size=&#8221;large&#8221;][vc_column_text css=&#8221;.vc_custom_1681747903578{margin-top: -20px !important;padding-top: -20px !important;}&#8221;]Tom\u00e1s Marco[\/vc_column_text][\/vc_column][\/vc_row][vc_row][vc_column][vc_single_image image=&#8221;3866&#8243; img_size=&#8221;large&#8221;][vc_column_text css=&#8221;.vc_custom_1681752654637{margin-top: -20px !important;padding-top: -20px !important;}&#8221;]Tenor Eduardo Zubicoa and soprano Raquel Fern\u00e1ndez, accompanied on piano by Daniel Guti\u00e9rrez.[\/vc_column_text][\/vc_column][\/vc_row][vc_row][vc_column][vc_single_image image=&#8221;3882&#8243; img_size=&#8221;large&#8221;][vc_column_text]Event presenters[\/vc_column_text][\/vc_column][\/vc_row][\/vc_section][vc_row][vc_column][vc_single_image image=&#8221;3891&#8243; img_size=&#8221;large&#8221;][vc_single_image image=&#8221;3895&#8243; img_size=&#8221;large&#8221;][vc_single_image image=&#8221;3899&#8243; img_size=&#8221;large&#8221;][vc_column_text css=&#8221;.vc_custom_1681752682219{margin-top: -20px !important;padding-top: -20px !important;}&#8221;]Atmosphere at the event[\/vc_column_text][\/vc_column][\/vc_row][vc_row][vc_column][vc_single_image image=&#8221;3826&#8243; img_size=&#8221;large&#8221;][\/vc_column][\/vc_row]<\/p>\n<\/div>","protected":false},"excerpt":{"rendered":"<p>The Salix Cantor Chamber Choir, first prize in the National Choral Competition of Medieval and Renaissance Music Arnotegui<\/p>\n","protected":false},"author":1,"featured_media":3818,"comment_status":"closed","ping_status":"closed","sticky":false,"template":"","format":"standard","meta":{"_monsterinsights_skip_tracking":false,"_monsterinsights_sitenote_active":false,"_monsterinsights_sitenote_note":"","_monsterinsights_sitenote_category":0,"footnotes":""},"categories":[61,67],"tags":[],"class_list":["post-3923","post","type-post","status-publish","format-standard","has-post-thumbnail","hentry","category-contests","category-news"],"_links":{"self":[{"href":"https:\/\/misteriodeobanos.org\/en\/wp-json\/wp\/v2\/posts\/3923","targetHints":{"allow":["GET"]}}],"collection":[{"href":"https:\/\/misteriodeobanos.org\/en\/wp-json\/wp\/v2\/posts"}],"about":[{"href":"https:\/\/misteriodeobanos.org\/en\/wp-json\/wp\/v2\/types\/post"}],"author":[{"embeddable":true,"href":"https:\/\/misteriodeobanos.org\/en\/wp-json\/wp\/v2\/users\/1"}],"replies":[{"embeddable":true,"href":"https:\/\/misteriodeobanos.org\/en\/wp-json\/wp\/v2\/comments?post=3923"}],"version-history":[{"count":4,"href":"https:\/\/misteriodeobanos.org\/en\/wp-json\/wp\/v2\/posts\/3923\/revisions"}],"predecessor-version":[{"id":3941,"href":"https:\/\/misteriodeobanos.org\/en\/wp-json\/wp\/v2\/posts\/3923\/revisions\/3941"}],"wp:featuredmedia":[{"embeddable":true,"href":"https:\/\/misteriodeobanos.org\/en\/wp-json\/wp\/v2\/media\/3818"}],"wp:attachment":[{"href":"https:\/\/misteriodeobanos.org\/en\/wp-json\/wp\/v2\/media?parent=3923"}],"wp:term":[{"taxonomy":"category","embeddable":true,"href":"https:\/\/misteriodeobanos.org\/en\/wp-json\/wp\/v2\/categories?post=3923"},{"taxonomy":"post_tag","embeddable":true,"href":"https:\/\/misteriodeobanos.org\/en\/wp-json\/wp\/v2\/tags?post=3923"}],"curies":[{"name":"wp","href":"https:\/\/api.w.org\/{rel}","templated":true}]}}